{"id":12377,"date":"2026-05-01T18:59:02","date_gmt":"2026-05-02T00:59:02","guid":{"rendered":"https:\/\/26television.com\/?p=12377"},"modified":"2026-05-01T19:01:18","modified_gmt":"2026-05-02T01:01:18","slug":"ee-uu-anuncia-que-retirara-a-5-000-soldados-de-alemania-en-medio-de-la-disputa-publica-entre-trump-y-el-canciller-merz-por-iran","status":"publish","type":"post","link":"https:\/\/26television.com\/?p=12377","title":{"rendered":"EE.UU. anuncia que retirar\u00e1 a 5.000 soldados de Alemania en medio de la disputa p\u00fablica entre Trump y el canciller Merz por Ir\u00e1n"},"content":{"rendered":"\n<figure class=\"wp-block-image\"><img decoding=\"async\" src=\"https:\/\/ichef.bbci.co.uk\/ace\/ws\/640\/cpsprodpb\/ace7\/live\/b62bb1b0-45b5-11f1-9deb-9f280b02f266.jpg.webp\" alt=\"Soldados de EE.UU. en unas maniobras en Alemania.\"\/><\/figure>\n\n\n\n<p><strong>El Departamento de Defensa de Estados Unidos planea retirar a 5.000 soldados de Alemania, en medio de una disputa entre el presidente estadounidense Donald Trump y el canciller alem\u00e1n Friedrich Merz sobre la guerra con Ir\u00e1n.<\/strong><\/p>\n\n\n\n<p>La decisi\u00f3n se conoce un d\u00eda despu\u00e9s de que Trump criticara a Merz, quien sugiri\u00f3 que Estados Unidos hab\u00eda sido &#8220;humillado&#8221; por los negociadores iran\u00edes.<\/p>\n\n\n\n<p>En publicaciones en las redes sociales realizadas el jueves, Trump afirm\u00f3 que Merz estaba &#8220;haciendo un trabajo terrible&#8221; y que ten\u00eda &#8220;problemas de todo tipo&#8221;, incluso en materia de inmigraci\u00f3n y energ\u00eda. Trump tambi\u00e9n ha sugerido retirar las tropas estadounidenses de Italia y Espa\u00f1a.<\/p>\n\n\n\n<p>Estados Unidos mantiene una presencia militar significativa en Alemania, con m\u00e1s de 36.000 soldados en servicio activo asignados a bases en todo el pa\u00eds, seg\u00fan datos de diciembre pasado.<\/p>\n\n\n\n<p>En un comunicado, el portavoz del Pent\u00e1gono, Sean Parnell, inform\u00f3 que la orden de la retirada de los soldados proven\u00eda del secretario de Defensa, Pete Hegseth.<\/p>\n\n\n\n<p>&#8220;Esta decisi\u00f3n surge tras una revisi\u00f3n exhaustiva de la postura de las fuerzas del Departamento en Europa y responde al reconocimiento de los requisitos del teatro de operaciones, as\u00ed como de las condiciones sobre el terreno&#8221;, declar\u00f3.<\/p>\n\n\n\n<p>&#8220;Prevemos que la retirada se complete en el transcurso de los pr\u00f3ximos seis a doce meses&#8221;.<\/p>\n\n\n\n<p>Trump, cr\u00edtico desde hace mucho tiempo de la alianza de la OTAN, ha estado arremetiendo contra sus aliados por su negativa a participar en las operaciones destinadas a reabrir el estrecho de Ormuz.<\/p>\n\n\n\n<p id=\"end-of-recommendations\">Final de M\u00e1s le\u00eddas<\/p>\n\n\n\n<figure class=\"wp-block-image\"><img decoding=\"async\" src=\"https:\/\/ichef.bbci.co.uk\/ace\/ws\/640\/cpsprodpb\/65aa\/live\/c2d74280-429a-11f1-bf83-bbb057f05fca.jpg.webp\" alt=\"El canciller Frederich Merz hablando en el Instituto Carolus-Magnus\"\/><figcaption class=\"wp-element-caption\">Pie de foto,El canciller Frederich Merz dijo que no ve una salida f\u00e1cil para EE.UU. del conflicto con Ir\u00e1n.<\/figcaption><\/figure>\n\n\n\n<h2 class=\"wp-block-heading\" id=\"Los-est\u00e1n-humillando\">&#8220;Los est\u00e1n humillando&#8221;<\/h2>\n\n\n\n<p>Al preguntarle el jueves si tambi\u00e9n considerar\u00eda retirar las tropas estadounidenses de los aliados de la OTAN, Italia y Espa\u00f1a, Trump respondi\u00f3: &#8220;Probablemente lo haga; miren, \u00bfpor qu\u00e9 no deber\u00eda hacerlo?&#8221;.<\/p>\n\n\n\n<p>&#8220;Italia no nos ha sido de ninguna ayuda y Espa\u00f1a ha sido horrible&#8221;, a\u00f1adi\u00f3, critic\u00e1ndolos por su respuesta ante la guerra en Ir\u00e1n.<\/p>\n\n\n\n<p>&#8220;En todos los casos dijeron: &#8216;No quiero involucrarme'&#8221;.<\/p>\n\n\n\n<p>A principios de esta semana, Merz coment\u00f3 a un grupo de estudiantes universitarios que &#8220;los estadounidenses claramente no tienen ninguna estrategia&#8221; y que no lograba ver &#8220;qu\u00e9 salida estrat\u00e9gica&#8221; pod\u00edan elegir.<\/p>\n\n\n\n<p>&#8220;Los iran\u00edes son, obviamente, muy h\u00e1biles para negociar \u2014o, mejor dicho, muy h\u00e1biles para no negociar\u2014, dejando que los estadounidenses viajen a Islamabad y luego se marchen de nuevo sin ning\u00fan resultado&#8221;, afirm\u00f3.<\/p>\n\n\n\n<p>A\u00f1adi\u00f3 que la &#8220;naci\u00f3n entera&#8221; estaba siendo &#8220;humillada&#8221; por los dirigentes iran\u00edes.<\/p>\n\n\n\n<p>En respuesta, Trump recurri\u00f3 a su plataforma Truth Social, donde afirm\u00f3 que Merz consideraba que estaba &#8220;bien que Ir\u00e1n posea un arma nuclear&#8221; y que &#8220;no sabe de lo que est\u00e1 hablando&#8221;.<\/p>\n\n\n\n<p>&#8220;\u00a1No es de extra\u00f1ar que a Alemania le vaya tan mal, tanto econ\u00f3mica como en otros aspectos!&#8221;, dec\u00eda la publicaci\u00f3n.<\/p>\n\n\n\n<figure class=\"wp-block-image\"><img decoding=\"async\" src=\"https:\/\/ichef.bbci.co.uk\/ace\/ws\/640\/cpsprodpb\/40e0\/live\/7c9eafc0-4299-11f1-ac78-2112837ce2aa.jpg.webp\" alt=\"El canciller Frederich Merz y varios j\u00f3venes en una charla en el Instituto Carolus-Magnus\"\/><figcaption class=\"wp-element-caption\">Pie de foto,Las palabras de Merz se dieron en un encuentro con estudiantes en el Instituto Carolus-Magnus de Marsberg, en el oeste de Alemania.<\/figcaption><\/figure>\n\n\n\n<h2 class=\"wp-block-heading\" id=\"Gran-presencia-estadounidense\">Gran presencia estadounidense<\/h2>\n\n\n\n<p>El despliegue militar de EE.UU. en Alemania es, con gran diferencia, el m\u00e1s numeroso de Europa, seguido por unos 12.000 efectivos en Italia y otros 10.000 en Reino Unido.<\/p>\n\n\n\n<p>Muchos de ellos est\u00e1n acuartelados en la Base A\u00e9rea de Ramstein, situada en las afueras de la ciudad de Kaiserslautern, en el suroeste de Alemania.<\/p>\n\n\n\n<p>Y si bien Trump ya hab\u00eda propuesto anteriormente una reducci\u00f3n de las tropas estadounidenses en Alemania, dichas medidas no han llegado a hacerse efectivas hasta la fecha.<\/p>\n\n\n\n<p>Solo Jap\u00f3n alberga una presencia de tropas estadounidenses mayor.<\/p>\n\n\n\n<p>En 2020, una propuesta para trasladar a 12.000 soldados estadounidenses desde Alemania \u2014ya fuera a otros pa\u00edses de la OTAN en Europa o de regreso a EE.UU.\u2014 fue bloqueada por el Congreso y, posteriormente, revertida por el presidente Joe Biden.<\/p>\n\n\n\n<p>En aquel entonces, Trump hab\u00eda acusado a Alemania de ser &#8220;morosa&#8221;, dado que su gasto militar se situaba muy por debajo del objetivo de la OTAN del 2% del PIB.<\/p>\n\n\n\n<p>Sin embargo, esta situaci\u00f3n ha cambiado dr\u00e1sticamente bajo el gobierno de Merz.<\/p>\n\n\n\n<p>Se prev\u00e9 que, en 2027, Alemania destine m\u00e1s de US$100.000 millones a defensa; de este modo, se estima que el gasto total en este \u00e1mbito alcance el 3,1% del PIB el pr\u00f3ximo a\u00f1o.<\/p>\n\n\n\n<p>BBC<\/p>\n","protected":false},"excerpt":{"rendered":"<p>El Departamento de Defensa de Estados Unidos planea retirar a 5.000 soldados de Alemania, en medio de una disputa entre el presidente estadounidense Donald Trump y el canciller alem\u00e1n Friedrich Merz sobre la guerra con Ir\u00e1n. La decisi\u00f3n se conoce un d\u00eda despu\u00e9s de que Trump criticara a Merz, quien sugiri\u00f3 que Estados Unidos hab\u00eda [&hellip;]<\/p>\n","protected":false},"author":1,"featured_media":12379,"comment_status":"open","ping_status":"open","sticky":false,"template":"","format":"standard","meta":{"footnotes":""},"categories":[8,10],"tags":[49],"class_list":["post-12377","post","type-post","status-publish","format-standard","has-post-thumbnail","hentry","category-actualidad","category-internacionales","tag-internacionales"],"yoast_head":"<!-- This site is optimized with the Yoast SEO plugin v27.5 - https:\/\/yoast.com\/product\/yoast-seo-wordpress\/ -->\r\n<title>EE.UU. anuncia que retirar\u00e1 a 5.000 soldados de Alemania en medio de la disputa p\u00fablica entre Trump y el canciller Merz por Ir\u00e1n - 26 Televisi\u00f3n<\/title>\r\n<meta name=\"robots\" content=\"index, follow, max-snippet:-1, max-image-preview:large, max-video-preview:-1\" \/>\r\n<link rel=\"canonical\" href=\"https:\/\/26television.com\/?p=12377\" \/>\r\n<meta property=\"og:locale\" content=\"es_ES\" \/>\r\n<meta property=\"og:type\" content=\"article\" \/>\r\n<meta property=\"og:title\" content=\"EE.UU. anuncia que retirar\u00e1 a 5.000 soldados de Alemania en medio de la disputa p\u00fablica entre Trump y el canciller Merz por Ir\u00e1n - 26 Televisi\u00f3n\" \/>\r\n<meta property=\"og:description\" content=\"El Departamento de Defensa de Estados Unidos planea retirar a 5.000 soldados de Alemania, en medio de una disputa entre el presidente estadounidense Donald Trump y el canciller alem\u00e1n Friedrich Merz sobre la guerra con Ir\u00e1n. La decisi\u00f3n se conoce un d\u00eda despu\u00e9s de que Trump criticara a Merz, quien sugiri\u00f3 que Estados Unidos hab\u00eda [&hellip;]\" \/>\r\n<meta property=\"og:url\" content=\"https:\/\/26television.com\/?p=12377\" \/>\r\n<meta property=\"og:site_name\" content=\"26 Televisi\u00f3n\" \/>\r\n<meta property=\"article:publisher\" content=\"https:\/\/www.facebook.com\/Canal-Veintiseis-103472998105986\" \/>\r\n<meta property=\"article:published_time\" content=\"2026-05-02T00:59:02+00:00\" \/>\r\n<meta property=\"article:modified_time\" content=\"2026-05-02T01:01:18+00:00\" \/>\r\n<meta property=\"og:image\" content=\"https:\/\/26television.com\/wp-content\/uploads\/2026\/05\/eje.png\" \/>\r\n\t<meta property=\"og:image:width\" content=\"496\" \/>\r\n\t<meta property=\"og:image:height\" content=\"338\" \/>\r\n\t<meta property=\"og:image:type\" content=\"image\/png\" \/>\r\n<meta name=\"author\" content=\"administrator\" \/>\r\n<meta name=\"twitter:card\" content=\"summary_large_image\" \/>\r\n<meta name=\"twitter:creator\" content=\"@CANAL26XELA\" \/>\r\n<meta name=\"twitter:site\" content=\"@CANAL26XELA\" \/>\r\n<meta name=\"twitter:label1\" content=\"Written by\" \/>\n\t<meta name=\"twitter:data1\" content=\"administrator\" \/>\n\t<meta name=\"twitter:label2\" content=\"Est. reading time\" \/>\n\t<meta name=\"twitter:data2\" content=\"4 minutos\" \/>\r\n<script type=\"application\/ld+json\" class=\"yoast-schema-graph\">{\"@context\":\"https:\\\/\\\/schema.org\",\"@graph\":[{\"@type\":\"Article\",\"@id\":\"https:\\\/\\\/26television.com\\\/?p=12377#article\",\"isPartOf\":{\"@id\":\"https:\\\/\\\/26television.com\\\/?p=12377\"},\"author\":{\"name\":\"administrator\",\"@id\":\"https:\\\/\\\/26television.com\\\/#\\\/schema\\\/person\\\/71be2028f0d29e8e7c64f681e7454e67\"},\"headline\":\"EE.UU. anuncia que retirar\u00e1 a 5.000 soldados de Alemania en medio de la disputa p\u00fablica entre Trump y el canciller Merz por Ir\u00e1n\",\"datePublished\":\"2026-05-02T00:59:02+00:00\",\"dateModified\":\"2026-05-02T01:01:18+00:00\",\"mainEntityOfPage\":{\"@id\":\"https:\\\/\\\/26television.com\\\/?p=12377\"},\"wordCount\":777,\"commentCount\":0,\"publisher\":{\"@id\":\"https:\\\/\\\/26television.com\\\/#organization\"},\"image\":{\"@id\":\"https:\\\/\\\/26television.com\\\/?p=12377#primaryimage\"},\"thumbnailUrl\":\"https:\\\/\\\/26television.com\\\/wp-content\\\/uploads\\\/2026\\\/05\\\/eje.png\",\"keywords\":[\"INTERNACIONALES\"],\"articleSection\":[\"Actualidad\",\"Internacionales\"],\"inLanguage\":\"es\",\"potentialAction\":[{\"@type\":\"CommentAction\",\"name\":\"Comment\",\"target\":[\"https:\\\/\\\/26television.com\\\/?p=12377#respond\"]}]},{\"@type\":\"WebPage\",\"@id\":\"https:\\\/\\\/26television.com\\\/?p=12377\",\"url\":\"https:\\\/\\\/26television.com\\\/?p=12377\",\"name\":\"EE.UU. anuncia que retirar\u00e1 a 5.000 soldados de Alemania en medio de la disputa p\u00fablica entre Trump y el canciller Merz por Ir\u00e1n - 26 Televisi\u00f3n\",\"isPartOf\":{\"@id\":\"https:\\\/\\\/26television.com\\\/#website\"},\"primaryImageOfPage\":{\"@id\":\"https:\\\/\\\/26television.com\\\/?p=12377#primaryimage\"},\"image\":{\"@id\":\"https:\\\/\\\/26television.com\\\/?p=12377#primaryimage\"},\"thumbnailUrl\":\"https:\\\/\\\/26television.com\\\/wp-content\\\/uploads\\\/2026\\\/05\\\/eje.png\",\"datePublished\":\"2026-05-02T00:59:02+00:00\",\"dateModified\":\"2026-05-02T01:01:18+00:00\",\"breadcrumb\":{\"@id\":\"https:\\\/\\\/26television.com\\\/?p=12377#breadcrumb\"},\"inLanguage\":\"es\",\"potentialAction\":[{\"@type\":\"ReadAction\",\"target\":[\"https:\\\/\\\/26television.com\\\/?p=12377\"]}]},{\"@type\":\"ImageObject\",\"inLanguage\":\"es\",\"@id\":\"https:\\\/\\\/26television.com\\\/?p=12377#primaryimage\",\"url\":\"https:\\\/\\\/26television.com\\\/wp-content\\\/uploads\\\/2026\\\/05\\\/eje.png\",\"contentUrl\":\"https:\\\/\\\/26television.com\\\/wp-content\\\/uploads\\\/2026\\\/05\\\/eje.png\",\"width\":496,\"height\":338},{\"@type\":\"BreadcrumbList\",\"@id\":\"https:\\\/\\\/26television.com\\\/?p=12377#breadcrumb\",\"itemListElement\":[{\"@type\":\"ListItem\",\"position\":1,\"name\":\"Home\",\"item\":\"https:\\\/\\\/26television.com\\\/\"},{\"@type\":\"ListItem\",\"position\":2,\"name\":\"EE.UU. anuncia que retirar\u00e1 a 5.000 soldados de Alemania en medio de la disputa p\u00fablica entre Trump y el canciller Merz por Ir\u00e1n\"}]},{\"@type\":\"WebSite\",\"@id\":\"https:\\\/\\\/26television.com\\\/#website\",\"url\":\"https:\\\/\\\/26television.com\\\/\",\"name\":\"26 Televisi??n\",\"description\":\"Noticias Diarias y el Mejor contenido\",\"publisher\":{\"@id\":\"https:\\\/\\\/26television.com\\\/#organization\"},\"potentialAction\":[{\"@type\":\"SearchAction\",\"target\":{\"@type\":\"EntryPoint\",\"urlTemplate\":\"https:\\\/\\\/26television.com\\\/?s={search_term_string}\"},\"query-input\":{\"@type\":\"PropertyValueSpecification\",\"valueRequired\":true,\"valueName\":\"search_term_string\"}}],\"inLanguage\":\"es\"},{\"@type\":\"Organization\",\"@id\":\"https:\\\/\\\/26television.com\\\/#organization\",\"name\":\"26 Televisi??n\",\"url\":\"https:\\\/\\\/26television.com\\\/\",\"logo\":{\"@type\":\"ImageObject\",\"inLanguage\":\"es\",\"@id\":\"https:\\\/\\\/26television.com\\\/#\\\/schema\\\/logo\\\/image\\\/\",\"url\":\"https:\\\/\\\/26television.com\\\/wp-content\\\/uploads\\\/2020\\\/09\\\/cropped-LOGO-NUEVO-GT.png\",\"contentUrl\":\"https:\\\/\\\/26television.com\\\/wp-content\\\/uploads\\\/2020\\\/09\\\/cropped-LOGO-NUEVO-GT.png\",\"width\":2335,\"height\":2374,\"caption\":\"26 Televisi??n\"},\"image\":{\"@id\":\"https:\\\/\\\/26television.com\\\/#\\\/schema\\\/logo\\\/image\\\/\"},\"sameAs\":[\"https:\\\/\\\/www.facebook.com\\\/Canal-Veintiseis-103472998105986\",\"https:\\\/\\\/x.com\\\/CANAL26XELA\",\"https:\\\/\\\/instagram.com\\\/canalveintiseis?igshid=1pv7tihsi3ki3\",\"https:\\\/\\\/www.youtube.com\\\/channel\\\/UCTvfEAhATM8pvGY1UVcqOaQ\"]},{\"@type\":\"Person\",\"@id\":\"https:\\\/\\\/26television.com\\\/#\\\/schema\\\/person\\\/71be2028f0d29e8e7c64f681e7454e67\",\"name\":\"administrator\",\"image\":{\"@type\":\"ImageObject\",\"inLanguage\":\"es\",\"@id\":\"https:\\\/\\\/secure.gravatar.com\\\/avatar\\\/15f4bcc7a3b51a83a309e69e3b1eb6276802826123ca201358599e4dcb0c86e3?s=96&d=mm&r=g\",\"url\":\"https:\\\/\\\/secure.gravatar.com\\\/avatar\\\/15f4bcc7a3b51a83a309e69e3b1eb6276802826123ca201358599e4dcb0c86e3?s=96&d=mm&r=g\",\"contentUrl\":\"https:\\\/\\\/secure.gravatar.com\\\/avatar\\\/15f4bcc7a3b51a83a309e69e3b1eb6276802826123ca201358599e4dcb0c86e3?s=96&d=mm&r=g\",\"caption\":\"administrator\"},\"url\":\"https:\\\/\\\/26television.com\\\/?author=1\"}]}<\/script>\r\n<!-- \/ Yoast SEO plugin. -->","yoast_head_json":{"title":"EE.UU. anuncia que retirar\u00e1 a 5.000 soldados de Alemania en medio de la disputa p\u00fablica entre Trump y el canciller Merz por Ir\u00e1n - 26 Televisi\u00f3n","robots":{"index":"index","follow":"follow","max-snippet":"max-snippet:-1","max-image-preview":"max-image-preview:large","max-video-preview":"max-video-preview:-1"},"canonical":"https:\/\/26television.com\/?p=12377","og_locale":"es_ES","og_type":"article","og_title":"EE.UU. anuncia que retirar\u00e1 a 5.000 soldados de Alemania en medio de la disputa p\u00fablica entre Trump y el canciller Merz por Ir\u00e1n - 26 Televisi\u00f3n","og_description":"El Departamento de Defensa de Estados Unidos planea retirar a 5.000 soldados de Alemania, en medio de una disputa entre el presidente estadounidense Donald Trump y el canciller alem\u00e1n Friedrich Merz sobre la guerra con Ir\u00e1n. La decisi\u00f3n se conoce un d\u00eda despu\u00e9s de que Trump criticara a Merz, quien sugiri\u00f3 que Estados Unidos hab\u00eda [&hellip;]","og_url":"https:\/\/26television.com\/?p=12377","og_site_name":"26 Televisi\u00f3n","article_publisher":"https:\/\/www.facebook.com\/Canal-Veintiseis-103472998105986","article_published_time":"2026-05-02T00:59:02+00:00","article_modified_time":"2026-05-02T01:01:18+00:00","og_image":[{"width":496,"height":338,"url":"https:\/\/26television.com\/wp-content\/uploads\/2026\/05\/eje.png","type":"image\/png"}],"author":"administrator","twitter_card":"summary_large_image","twitter_creator":"@CANAL26XELA","twitter_site":"@CANAL26XELA","twitter_misc":{"Written by":"administrator","Est. reading time":"4 minutos"},"schema":{"@context":"https:\/\/schema.org","@graph":[{"@type":"Article","@id":"https:\/\/26television.com\/?p=12377#article","isPartOf":{"@id":"https:\/\/26television.com\/?p=12377"},"author":{"name":"administrator","@id":"https:\/\/26television.com\/#\/schema\/person\/71be2028f0d29e8e7c64f681e7454e67"},"headline":"EE.UU. anuncia que retirar\u00e1 a 5.000 soldados de Alemania en medio de la disputa p\u00fablica entre Trump y el canciller Merz por Ir\u00e1n","datePublished":"2026-05-02T00:59:02+00:00","dateModified":"2026-05-02T01:01:18+00:00","mainEntityOfPage":{"@id":"https:\/\/26television.com\/?p=12377"},"wordCount":777,"commentCount":0,"publisher":{"@id":"https:\/\/26television.com\/#organization"},"image":{"@id":"https:\/\/26television.com\/?p=12377#primaryimage"},"thumbnailUrl":"https:\/\/26television.com\/wp-content\/uploads\/2026\/05\/eje.png","keywords":["INTERNACIONALES"],"articleSection":["Actualidad","Internacionales"],"inLanguage":"es","potentialAction":[{"@type":"CommentAction","name":"Comment","target":["https:\/\/26television.com\/?p=12377#respond"]}]},{"@type":"WebPage","@id":"https:\/\/26television.com\/?p=12377","url":"https:\/\/26television.com\/?p=12377","name":"EE.UU. anuncia que retirar\u00e1 a 5.000 soldados de Alemania en medio de la disputa p\u00fablica entre Trump y el canciller Merz por Ir\u00e1n - 26 Televisi\u00f3n","isPartOf":{"@id":"https:\/\/26television.com\/#website"},"primaryImageOfPage":{"@id":"https:\/\/26television.com\/?p=12377#primaryimage"},"image":{"@id":"https:\/\/26television.com\/?p=12377#primaryimage"},"thumbnailUrl":"https:\/\/26television.com\/wp-content\/uploads\/2026\/05\/eje.png","datePublished":"2026-05-02T00:59:02+00:00","dateModified":"2026-05-02T01:01:18+00:00","breadcrumb":{"@id":"https:\/\/26television.com\/?p=12377#breadcrumb"},"inLanguage":"es","potentialAction":[{"@type":"ReadAction","target":["https:\/\/26television.com\/?p=12377"]}]},{"@type":"ImageObject","inLanguage":"es","@id":"https:\/\/26television.com\/?p=12377#primaryimage","url":"https:\/\/26television.com\/wp-content\/uploads\/2026\/05\/eje.png","contentUrl":"https:\/\/26television.com\/wp-content\/uploads\/2026\/05\/eje.png","width":496,"height":338},{"@type":"BreadcrumbList","@id":"https:\/\/26television.com\/?p=12377#breadcrumb","itemListElement":[{"@type":"ListItem","position":1,"name":"Home","item":"https:\/\/26television.com\/"},{"@type":"ListItem","position":2,"name":"EE.UU. anuncia que retirar\u00e1 a 5.000 soldados de Alemania en medio de la disputa p\u00fablica entre Trump y el canciller Merz por Ir\u00e1n"}]},{"@type":"WebSite","@id":"https:\/\/26television.com\/#website","url":"https:\/\/26television.com\/","name":"26 Televisi??n","description":"Noticias Diarias y el Mejor contenido","publisher":{"@id":"https:\/\/26television.com\/#organization"},"potentialAction":[{"@type":"SearchAction","target":{"@type":"EntryPoint","urlTemplate":"https:\/\/26television.com\/?s={search_term_string}"},"query-input":{"@type":"PropertyValueSpecification","valueRequired":true,"valueName":"search_term_string"}}],"inLanguage":"es"},{"@type":"Organization","@id":"https:\/\/26television.com\/#organization","name":"26 Televisi??n","url":"https:\/\/26television.com\/","logo":{"@type":"ImageObject","inLanguage":"es","@id":"https:\/\/26television.com\/#\/schema\/logo\/image\/","url":"https:\/\/26television.com\/wp-content\/uploads\/2020\/09\/cropped-LOGO-NUEVO-GT.png","contentUrl":"https:\/\/26television.com\/wp-content\/uploads\/2020\/09\/cropped-LOGO-NUEVO-GT.png","width":2335,"height":2374,"caption":"26 Televisi??n"},"image":{"@id":"https:\/\/26television.com\/#\/schema\/logo\/image\/"},"sameAs":["https:\/\/www.facebook.com\/Canal-Veintiseis-103472998105986","https:\/\/x.com\/CANAL26XELA","https:\/\/instagram.com\/canalveintiseis?igshid=1pv7tihsi3ki3","https:\/\/www.youtube.com\/channel\/UCTvfEAhATM8pvGY1UVcqOaQ"]},{"@type":"Person","@id":"https:\/\/26television.com\/#\/schema\/person\/71be2028f0d29e8e7c64f681e7454e67","name":"administrator","image":{"@type":"ImageObject","inLanguage":"es","@id":"https:\/\/secure.gravatar.com\/avatar\/15f4bcc7a3b51a83a309e69e3b1eb6276802826123ca201358599e4dcb0c86e3?s=96&d=mm&r=g","url":"https:\/\/secure.gravatar.com\/avatar\/15f4bcc7a3b51a83a309e69e3b1eb6276802826123ca201358599e4dcb0c86e3?s=96&d=mm&r=g","contentUrl":"https:\/\/secure.gravatar.com\/avatar\/15f4bcc7a3b51a83a309e69e3b1eb6276802826123ca201358599e4dcb0c86e3?s=96&d=mm&r=g","caption":"administrator"},"url":"https:\/\/26television.com\/?author=1"}]}},"_links":{"self":[{"href":"https:\/\/26television.com\/index.php?rest_route=\/wp\/v2\/posts\/12377","targetHints":{"allow":["GET"]}}],"collection":[{"href":"https:\/\/26television.com\/index.php?rest_route=\/wp\/v2\/posts"}],"about":[{"href":"https:\/\/26television.com\/index.php?rest_route=\/wp\/v2\/types\/post"}],"author":[{"embeddable":true,"href":"https:\/\/26television.com\/index.php?rest_route=\/wp\/v2\/users\/1"}],"replies":[{"embeddable":true,"href":"https:\/\/26television.com\/index.php?rest_route=%2Fwp%2Fv2%2Fcomments&post=12377"}],"version-history":[{"count":2,"href":"https:\/\/26television.com\/index.php?rest_route=\/wp\/v2\/posts\/12377\/revisions"}],"predecessor-version":[{"id":12381,"href":"https:\/\/26television.com\/index.php?rest_route=\/wp\/v2\/posts\/12377\/revisions\/12381"}],"wp:featuredmedia":[{"embeddable":true,"href":"https:\/\/26television.com\/index.php?rest_route=\/wp\/v2\/media\/12379"}],"wp:attachment":[{"href":"https:\/\/26television.com\/index.php?rest_route=%2Fwp%2Fv2%2Fmedia&parent=12377"}],"wp:term":[{"taxonomy":"category","embeddable":true,"href":"https:\/\/26television.com\/index.php?rest_route=%2Fwp%2Fv2%2Fcategories&post=12377"},{"taxonomy":"post_tag","embeddable":true,"href":"https:\/\/26television.com\/index.php?rest_route=%2Fwp%2Fv2%2Ftags&post=12377"}],"curies":[{"name":"wp","href":"https:\/\/api.w.org\/{rel}","templated":true}]}}